{"id":249,"date":"2020-01-04T09:27:42","date_gmt":"2020-01-04T08:27:42","guid":{"rendered":"https:\/\/www.sktperfectdemo.com\/demos\/psychology\/?p=245"},"modified":"2022-12-18T19:17:17","modified_gmt":"2022-12-18T18:17:17","slug":"comment-fonctionne-le-sommeil","status":"publish","type":"post","link":"https:\/\/www.psytra.fr\/index.php\/2020\/01\/04\/comment-fonctionne-le-sommeil\/","title":{"rendered":"Discutons sommeil&#8230;"},"content":{"rendered":"<h2>Processus en jeu dans le sommeil<\/h2>\n<h4>Le processus circadien<\/h4>\n<p>Il est en interaction avec la courbe de temp\u00e9rature de notre corps. Comme vous le savez peut-\u00eatre, beaucoup de nos processus biologiques sont coupl\u00e9s avec le rythme veille-sommeil. La temp\u00e9rature corporelle en est un exemple. Chez une personne qui dort de fa\u00e7on adapt\u00e9e (entre 23h et 7h environ), le minimum de temp\u00e9rature se situe \u00e0 4h du matin, le maximum \u00e0 18h. Or, plus la temp\u00e9rature est \u00e9lev\u00e9e, moins on a envie de dormir. Entre 4h du matin et 18h, la temp\u00e9rature ne fait qu&rsquo;augmenter pour que notre corps soit op\u00e9rationnel pour sa journ\u00e9e de travail. A l&rsquo;inverse, \u00e0 partir de 18h, on sent la fatigue monter de plus en plus car la temp\u00e9rature corporelle chute. Chez une personne qui se couche t\u00f4t et se l\u00e8ve t\u00f4t, la courbe est d\u00e9cal\u00e9e vers la gauche. Chez une personne qui se couche tard et se l\u00e8ve tard, la courbe est d\u00e9cal\u00e9e vers la droite.<\/p>\n<p><img loading=\"lazy\" decoding=\"async\" class=\"alignnone size-full wp-image-421\" src=\"https:\/\/www.psytra.fr\/wp-content\/uploads\/2018\/07\/m-petrazoller-psychologue-haguenau-saverne-bischwiller-brumath-e1569334108144.png\" alt=\"\" width=\"488\" height=\"220\" srcset=\"https:\/\/www.psytra.fr\/wp-content\/uploads\/2018\/07\/m-petrazoller-psychologue-haguenau-saverne-bischwiller-brumath-e1569334108144.png 488w, https:\/\/www.psytra.fr\/wp-content\/uploads\/2018\/07\/m-petrazoller-psychologue-haguenau-saverne-bischwiller-brumath-e1569334108144-300x135.png 300w\" sizes=\"auto, (max-width: 488px) 100vw, 488px\" \/><\/p>\n<h4>Le processus hom\u00e9ostasique<\/h4>\n<p>C&rsquo;est la r\u00e9ponse \u00e0 un manque (alternance entre la cr\u00e9ation d&rsquo;un manque et la r\u00e9ponse \u00e0 ce manque). Le sommeil r\u00e9pond au m\u00eame principe que la faim. Le matin, on mange. Puis les heures passent et la balance glucidique est de plus en plus d\u00e9s\u00e9quilibr\u00e9e, ce qui cr\u00e9e une sensation de faim. Dans le sommeil c&rsquo;est pareil. Quand on est debout, on construit ce qu&rsquo;on appelle \u00ab\u00a0une dette de sommeil\u00a0\u00bb. En dormant, on rembourse cette dette. L&rsquo;activit\u00e9 physique contribue beaucoup \u00e0 l&rsquo;augmentation de cette dette, elle cr\u00e9e la fatigue. Dormir de fa\u00e7on adapt\u00e9e, c&rsquo;est avoir un \u00e9quilibre hom\u00e9ostasique proche de la perfection. C&rsquo;est ne pas \u00eatre fatigu\u00e9 en journ\u00e9e et l&rsquo;\u00eatre le soir au coucher (permettant un endormissement rapide). En th\u00e9rapie, on va chercher cet \u00e9quilibre hom\u00e9ostasique pour vous permettre d&rsquo;avoir un sommeil satisfaisant et favoriser votre bien-\u00eatre quotidien.<\/p>\n<h2>Hormones<\/h2>\n<h4>La M\u00e9latonine<\/h4>\n<p>Sans entrer dans les d\u00e9tails du fonctionnement biologique, qui est bien plus complexe que les mots ci-dessous, je vais vous d\u00e9crire son action de fa\u00e7on sch\u00e9matique. C&rsquo;est une hormone qui r\u00e9agit \u00e0 la lumi\u00e8re. Elle est tr\u00e8s sensible \u00e0 la lumi\u00e8re bleue et n&rsquo;est s\u00e9cr\u00e9t\u00e9e que lorsqu&rsquo;il n&rsquo;y en a plus dans le champ de vision. Or, c&rsquo;est l&rsquo;hormone qui est responsable de notre endormissement. C&rsquo;est pour cette raison qu&rsquo;en pleine journ\u00e9e, il nous est difficile de dormir puisque nos yeux sont en contact avec le ciel qui est&#8230; bleu. C&rsquo;est aussi pour cette raison qu&rsquo;il est plus difficile de s&rsquo;endormir le soir devant un ordinateur ou un t\u00e9l\u00e9phone portable alors que l&rsquo;heure tourne. En th\u00e9rapie, on ne va pas avoir d&rsquo;action directe sur l&rsquo;hormone mais on va mettre en place des choses de la vie quotidienne pour faciliter son effet naturel. La M\u00e9latonine est une hormone que l&rsquo;on peut acheter en pharmacie ou parapharmacie avec ou sans ordonnance. Elle est moins dos\u00e9e que celle pr\u00e9sente naturellement dans votre corps mais elle peut vous aider \u00e0 faciliter l&rsquo;endormissement.<\/p>\n\n\n<h4 class=\"wp-block-heading\"> Le Cortisol <\/h4>\n\n\n\n<p>\nContrairement \u00e0 la M\u00e9latonine, le Cortisol a pour effet de vous r\u00e9veiller le matin. En r\u00e9alit\u00e9, ce n&rsquo;est pas lui qui vous r\u00e9veille mais c&rsquo;est lui qui commande les autres hormones responsables de votre \u00e9veil. C&rsquo;est le chef d&rsquo;orchestre du corps jusqu&rsquo;\u00e0 ce que vous ouvriez les yeux le matin. Lui aussi a besoin d&rsquo;\u00eatre chouchout\u00e9 pour fonctionner correctement. Pour un r\u00e9veil en meilleure forme chaque jour, il a besoin de r\u00e9gularit\u00e9. Il faut donc se lever au moins 5 jours sur 7 \u00e0 la m\u00eame heure pour \u00eatre dans de bonnes conditions. On a tendance \u00e0 penser que rattraper les heures de sommeil perdues la nuit d&rsquo;avant est b\u00e9n\u00e9fique mais en fait non. Les heures de sommeil ne se rattrapent pas en une nuit et vous perdrez du temps \u00e0 dormir inutilement alors que vous auriez pu faire des activit\u00e9s plaisantes. Levez-vous tous les jours \u00e0 la m\u00eame heure et vous verrez que vous serez en bien meilleure forme tr\u00e8s rapidement.\n\n<\/p>\n\n\n\n<div class=\"wp-block-ugb-divider ugb-divider ugb-627c3e2 ugb-divider--v2 ugb-divider--design-basic ugb-main-block\"><style>.ugb-627c3e2 hr.ugb-divider__hr{background-color:#dddddd !important;height:1px !important;width:50% !important;margin-left:auto !important;margin-right:auto !important}.ugb-627c3e2 .ugb-inner-block{text-align:center}<\/style><div class=\"ugb-inner-block\"><div class=\"ugb-block-content\"><hr class=\"ugb-divider__hr\"\/><\/div><\/div><\/div>\n\n\n\n<p> Pour plus d&rsquo;informations, n&rsquo;h\u00e9sitez-pas \u00e0 me contacter pour prendre rendez-vous \u00e0 mon cabinet (tarifs par t\u00e9l\u00e9phone ou <a href=\"https:\/\/www.psytra.fr\/index.php\/contact\/\">mail<\/a>). <\/p>\n\n\n\n<pre class=\"wp-block-preformatted\">R\u00e9dig\u00e9 par Micka\u00ebl PETRAZOLLER, Psychologue Clinicien, Psychoth\u00e9rapeute, \u00e0 Haguenau.<\/pre>\n\n\n\n<p><\/p>\n","protected":false},"excerpt":{"rendered":"<p>Processus en jeu dans le sommeil Le processus circadien Il est en interaction avec la courbe de temp\u00e9rature de notre corps. Comme vous le savez peut-\u00eatre, beaucoup de nos processus biologiques sont coupl\u00e9s avec le rythme veille-sommeil. La temp\u00e9rature corporelle en est un exemple. Chez une personne qui dort de fa\u00e7on adapt\u00e9e (entre 23h et&#8230; <\/p>\n","protected":false},"author":3,"featured_media":388,"comment_status":"open","ping_status":"open","sticky":false,"template":"","format":"standard","meta":{"_jetpack_memberships_contains_paid_content":false,"footnotes":""},"categories":[10],"tags":[],"class_list":["post-249","post","type-post","status-publish","format-standard","has-post-thumbnail","hentry","category-sommeil"],"featured_image_urls_v2":{"full":["https:\/\/www.psytra.fr\/wp-content\/uploads\/2018\/07\/m-petrazoller-psychologue-clinicien-haguenau-saverne-bischwiller-brumath.png",960,702,false],"thumbnail":["https:\/\/www.psytra.fr\/wp-content\/uploads\/2018\/07\/m-petrazoller-psychologue-clinicien-haguenau-saverne-bischwiller-brumath-150x150.png",150,150,true],"medium":["https:\/\/www.psytra.fr\/wp-content\/uploads\/2018\/07\/m-petrazoller-psychologue-clinicien-haguenau-saverne-bischwiller-brumath-300x219.png",300,219,true],"medium_large":["https:\/\/www.psytra.fr\/wp-content\/uploads\/2018\/07\/m-petrazoller-psychologue-clinicien-haguenau-saverne-bischwiller-brumath-768x562.png",768,562,true],"large":["https:\/\/www.psytra.fr\/wp-content\/uploads\/2018\/07\/m-petrazoller-psychologue-clinicien-haguenau-saverne-bischwiller-brumath.png",960,702,false],"1536x1536":["https:\/\/www.psytra.fr\/wp-content\/uploads\/2018\/07\/m-petrazoller-psychologue-clinicien-haguenau-saverne-bischwiller-brumath.png",960,702,false],"2048x2048":["https:\/\/www.psytra.fr\/wp-content\/uploads\/2018\/07\/m-petrazoller-psychologue-clinicien-haguenau-saverne-bischwiller-brumath.png",960,702,false],"homepage-thumb":["https:\/\/www.psytra.fr\/wp-content\/uploads\/2018\/07\/m-petrazoller-psychologue-clinicien-haguenau-saverne-bischwiller-brumath-240x145.png",240,145,true]},"post_excerpt_stackable_v2":"<p>Processus en jeu dans le sommeil Le processus circadien Il est en interaction avec la courbe de temp\u00e9rature de notre corps. Comme vous le savez peut-\u00eatre, beaucoup de nos processus biologiques sont coupl\u00e9s avec le rythme veille-sommeil. La temp\u00e9rature corporelle en est un exemple. Chez une personne qui dort de fa\u00e7on adapt\u00e9e (entre 23h et 7h environ), le minimum de temp\u00e9rature se situe \u00e0 4h du matin, le maximum \u00e0 18h. Or, plus la temp\u00e9rature est \u00e9lev\u00e9e, moins on a envie de dormir. Entre 4h du matin et 18h, la temp\u00e9rature ne fait qu&rsquo;augmenter pour que notre corps soit op\u00e9rationnel\u2026<\/p>\n","category_list_v2":"<a href=\"https:\/\/www.psytra.fr\/index.php\/category\/sommeil\/\" rel=\"category tag\">Sommeil<\/a>","author_info_v2":{"name":"M Petrazoller","url":"https:\/\/www.psytra.fr\/index.php\/author\/mpetra\/"},"comments_num_v2":"0 commentaire","yoast_head":"<!-- This site is optimized with the Yoast SEO plugin v26.6 - https:\/\/yoast.com\/wordpress\/plugins\/seo\/ -->\n<title>Comment fonctionne le sommeil ?<\/title>\n<meta name=\"description\" content=\"Comment fonctionne le sommeil ? Quels processus entrent en jeu et nous permettent de dormir ? Quelles sont les hormones ...\" \/>\n<meta name=\"robots\" content=\"index, follow, max-snippet:-1, max-image-preview:large, max-video-preview:-1\" \/>\n<link rel=\"canonical\" href=\"https:\/\/www.psytra.fr\/index.php\/2020\/01\/04\/comment-fonctionne-le-sommeil\/\" \/>\n<meta property=\"og:locale\" content=\"fr_FR\" \/>\n<meta property=\"og:type\" content=\"article\" \/>\n<meta property=\"og:title\" content=\"Comment fonctionne le sommeil ?\" \/>\n<meta property=\"og:description\" content=\"Comment fonctionne le sommeil ? Quels processus entrent en jeu et nous permettent de dormir ? Quelles sont les hormones ...\" \/>\n<meta property=\"og:url\" content=\"https:\/\/www.psytra.fr\/index.php\/2020\/01\/04\/comment-fonctionne-le-sommeil\/\" \/>\n<meta property=\"og:site_name\" content=\"Micka\u00ebl Petrazoller\" \/>\n<meta property=\"article:published_time\" content=\"2020-01-04T08:27:42+00:00\" \/>\n<meta property=\"article:modified_time\" content=\"2022-12-18T18:17:17+00:00\" \/>\n<meta property=\"og:image\" content=\"https:\/\/www.psytra.fr\/wp-content\/uploads\/2018\/07\/m-petrazoller-psychologue-clinicien-haguenau-saverne-bischwiller-brumath.png\" \/>\n\t<meta property=\"og:image:width\" content=\"960\" \/>\n\t<meta property=\"og:image:height\" content=\"702\" \/>\n\t<meta property=\"og:image:type\" content=\"image\/png\" \/>\n<meta name=\"author\" content=\"M Petrazoller\" \/>\n<meta name=\"twitter:card\" content=\"summary_large_image\" \/>\n<meta name=\"twitter:label1\" content=\"\u00c9crit par\" \/>\n\t<meta name=\"twitter:data1\" content=\"M Petrazoller\" \/>\n\t<meta name=\"twitter:label2\" content=\"Dur\u00e9e de lecture estim\u00e9e\" \/>\n\t<meta name=\"twitter:data2\" content=\"4 minutes\" \/>\n<script type=\"application\/ld+json\" class=\"yoast-schema-graph\">{\"@context\":\"https:\/\/schema.org\",\"@graph\":[{\"@type\":\"WebPage\",\"@id\":\"https:\/\/www.psytra.fr\/index.php\/2020\/01\/04\/comment-fonctionne-le-sommeil\/\",\"url\":\"https:\/\/www.psytra.fr\/index.php\/2020\/01\/04\/comment-fonctionne-le-sommeil\/\",\"name\":\"Comment fonctionne le sommeil ?\",\"isPartOf\":{\"@id\":\"https:\/\/www.psytra.fr\/#website\"},\"primaryImageOfPage\":{\"@id\":\"https:\/\/www.psytra.fr\/index.php\/2020\/01\/04\/comment-fonctionne-le-sommeil\/#primaryimage\"},\"image\":{\"@id\":\"https:\/\/www.psytra.fr\/index.php\/2020\/01\/04\/comment-fonctionne-le-sommeil\/#primaryimage\"},\"thumbnailUrl\":\"https:\/\/www.psytra.fr\/wp-content\/uploads\/2018\/07\/m-petrazoller-psychologue-clinicien-haguenau-saverne-bischwiller-brumath.png\",\"datePublished\":\"2020-01-04T08:27:42+00:00\",\"dateModified\":\"2022-12-18T18:17:17+00:00\",\"author\":{\"@id\":\"https:\/\/www.psytra.fr\/#\/schema\/person\/5acd057b6c75c13fb72e936cf1046b80\"},\"description\":\"Comment fonctionne le sommeil ? Quels processus entrent en jeu et nous permettent de dormir ? Quelles sont les hormones ...\",\"breadcrumb\":{\"@id\":\"https:\/\/www.psytra.fr\/index.php\/2020\/01\/04\/comment-fonctionne-le-sommeil\/#breadcrumb\"},\"inLanguage\":\"fr-FR\",\"potentialAction\":[{\"@type\":\"ReadAction\",\"target\":[\"https:\/\/www.psytra.fr\/index.php\/2020\/01\/04\/comment-fonctionne-le-sommeil\/\"]}]},{\"@type\":\"ImageObject\",\"inLanguage\":\"fr-FR\",\"@id\":\"https:\/\/www.psytra.fr\/index.php\/2020\/01\/04\/comment-fonctionne-le-sommeil\/#primaryimage\",\"url\":\"https:\/\/www.psytra.fr\/wp-content\/uploads\/2018\/07\/m-petrazoller-psychologue-clinicien-haguenau-saverne-bischwiller-brumath.png\",\"contentUrl\":\"https:\/\/www.psytra.fr\/wp-content\/uploads\/2018\/07\/m-petrazoller-psychologue-clinicien-haguenau-saverne-bischwiller-brumath.png\",\"width\":960,\"height\":702},{\"@type\":\"BreadcrumbList\",\"@id\":\"https:\/\/www.psytra.fr\/index.php\/2020\/01\/04\/comment-fonctionne-le-sommeil\/#breadcrumb\",\"itemListElement\":[{\"@type\":\"ListItem\",\"position\":1,\"name\":\"Accueil\",\"item\":\"https:\/\/www.psytra.fr\/\"},{\"@type\":\"ListItem\",\"position\":2,\"name\":\"Discutons sommeil&#8230;\"}]},{\"@type\":\"WebSite\",\"@id\":\"https:\/\/www.psytra.fr\/#website\",\"url\":\"https:\/\/www.psytra.fr\/\",\"name\":\"Micka\u00ebl Petrazoller\",\"description\":\"Psychologue, Psychoth\u00e9rapeute TCC \u00e0 Haguenau\",\"potentialAction\":[{\"@type\":\"SearchAction\",\"target\":{\"@type\":\"EntryPoint\",\"urlTemplate\":\"https:\/\/www.psytra.fr\/?s={search_term_string}\"},\"query-input\":{\"@type\":\"PropertyValueSpecification\",\"valueRequired\":true,\"valueName\":\"search_term_string\"}}],\"inLanguage\":\"fr-FR\"},{\"@type\":\"Person\",\"@id\":\"https:\/\/www.psytra.fr\/#\/schema\/person\/5acd057b6c75c13fb72e936cf1046b80\",\"name\":\"M Petrazoller\",\"image\":{\"@type\":\"ImageObject\",\"inLanguage\":\"fr-FR\",\"@id\":\"https:\/\/www.psytra.fr\/#\/schema\/person\/image\/\",\"url\":\"https:\/\/www.psytra.fr\/wp-content\/litespeed\/avatar\/fb8c7ea413f0646c077b2e806f9e1484.jpg?ver=1777220748\",\"contentUrl\":\"https:\/\/www.psytra.fr\/wp-content\/litespeed\/avatar\/fb8c7ea413f0646c077b2e806f9e1484.jpg?ver=1777220748\",\"caption\":\"M Petrazoller\"},\"url\":\"https:\/\/www.psytra.fr\/index.php\/author\/mpetra\/\"}]}<\/script>\n<!-- \/ Yoast SEO plugin. -->","yoast_head_json":{"title":"Comment fonctionne le sommeil ?","description":"Comment fonctionne le sommeil ? Quels processus entrent en jeu et nous permettent de dormir ? Quelles sont les hormones ...","robots":{"index":"index","follow":"follow","max-snippet":"max-snippet:-1","max-image-preview":"max-image-preview:large","max-video-preview":"max-video-preview:-1"},"canonical":"https:\/\/www.psytra.fr\/index.php\/2020\/01\/04\/comment-fonctionne-le-sommeil\/","og_locale":"fr_FR","og_type":"article","og_title":"Comment fonctionne le sommeil ?","og_description":"Comment fonctionne le sommeil ? Quels processus entrent en jeu et nous permettent de dormir ? Quelles sont les hormones ...","og_url":"https:\/\/www.psytra.fr\/index.php\/2020\/01\/04\/comment-fonctionne-le-sommeil\/","og_site_name":"Micka\u00ebl Petrazoller","article_published_time":"2020-01-04T08:27:42+00:00","article_modified_time":"2022-12-18T18:17:17+00:00","og_image":[{"width":960,"height":702,"url":"https:\/\/www.psytra.fr\/wp-content\/uploads\/2018\/07\/m-petrazoller-psychologue-clinicien-haguenau-saverne-bischwiller-brumath.png","type":"image\/png"}],"author":"M Petrazoller","twitter_card":"summary_large_image","twitter_misc":{"\u00c9crit par":"M Petrazoller","Dur\u00e9e de lecture estim\u00e9e":"4 minutes"},"schema":{"@context":"https:\/\/schema.org","@graph":[{"@type":"WebPage","@id":"https:\/\/www.psytra.fr\/index.php\/2020\/01\/04\/comment-fonctionne-le-sommeil\/","url":"https:\/\/www.psytra.fr\/index.php\/2020\/01\/04\/comment-fonctionne-le-sommeil\/","name":"Comment fonctionne le sommeil ?","isPartOf":{"@id":"https:\/\/www.psytra.fr\/#website"},"primaryImageOfPage":{"@id":"https:\/\/www.psytra.fr\/index.php\/2020\/01\/04\/comment-fonctionne-le-sommeil\/#primaryimage"},"image":{"@id":"https:\/\/www.psytra.fr\/index.php\/2020\/01\/04\/comment-fonctionne-le-sommeil\/#primaryimage"},"thumbnailUrl":"https:\/\/www.psytra.fr\/wp-content\/uploads\/2018\/07\/m-petrazoller-psychologue-clinicien-haguenau-saverne-bischwiller-brumath.png","datePublished":"2020-01-04T08:27:42+00:00","dateModified":"2022-12-18T18:17:17+00:00","author":{"@id":"https:\/\/www.psytra.fr\/#\/schema\/person\/5acd057b6c75c13fb72e936cf1046b80"},"description":"Comment fonctionne le sommeil ? Quels processus entrent en jeu et nous permettent de dormir ? Quelles sont les hormones ...","breadcrumb":{"@id":"https:\/\/www.psytra.fr\/index.php\/2020\/01\/04\/comment-fonctionne-le-sommeil\/#breadcrumb"},"inLanguage":"fr-FR","potentialAction":[{"@type":"ReadAction","target":["https:\/\/www.psytra.fr\/index.php\/2020\/01\/04\/comment-fonctionne-le-sommeil\/"]}]},{"@type":"ImageObject","inLanguage":"fr-FR","@id":"https:\/\/www.psytra.fr\/index.php\/2020\/01\/04\/comment-fonctionne-le-sommeil\/#primaryimage","url":"https:\/\/www.psytra.fr\/wp-content\/uploads\/2018\/07\/m-petrazoller-psychologue-clinicien-haguenau-saverne-bischwiller-brumath.png","contentUrl":"https:\/\/www.psytra.fr\/wp-content\/uploads\/2018\/07\/m-petrazoller-psychologue-clinicien-haguenau-saverne-bischwiller-brumath.png","width":960,"height":702},{"@type":"BreadcrumbList","@id":"https:\/\/www.psytra.fr\/index.php\/2020\/01\/04\/comment-fonctionne-le-sommeil\/#breadcrumb","itemListElement":[{"@type":"ListItem","position":1,"name":"Accueil","item":"https:\/\/www.psytra.fr\/"},{"@type":"ListItem","position":2,"name":"Discutons sommeil&#8230;"}]},{"@type":"WebSite","@id":"https:\/\/www.psytra.fr\/#website","url":"https:\/\/www.psytra.fr\/","name":"Micka\u00ebl Petrazoller","description":"Psychologue, Psychoth\u00e9rapeute TCC \u00e0 Haguenau","potentialAction":[{"@type":"SearchAction","target":{"@type":"EntryPoint","urlTemplate":"https:\/\/www.psytra.fr\/?s={search_term_string}"},"query-input":{"@type":"PropertyValueSpecification","valueRequired":true,"valueName":"search_term_string"}}],"inLanguage":"fr-FR"},{"@type":"Person","@id":"https:\/\/www.psytra.fr\/#\/schema\/person\/5acd057b6c75c13fb72e936cf1046b80","name":"M Petrazoller","image":{"@type":"ImageObject","inLanguage":"fr-FR","@id":"https:\/\/www.psytra.fr\/#\/schema\/person\/image\/","url":"https:\/\/www.psytra.fr\/wp-content\/litespeed\/avatar\/fb8c7ea413f0646c077b2e806f9e1484.jpg?ver=1777220748","contentUrl":"https:\/\/www.psytra.fr\/wp-content\/litespeed\/avatar\/fb8c7ea413f0646c077b2e806f9e1484.jpg?ver=1777220748","caption":"M Petrazoller"},"url":"https:\/\/www.psytra.fr\/index.php\/author\/mpetra\/"}]}},"jetpack_featured_media_url":"https:\/\/www.psytra.fr\/wp-content\/uploads\/2018\/07\/m-petrazoller-psychologue-clinicien-haguenau-saverne-bischwiller-brumath.png","jetpack_sharing_enabled":true,"_links":{"self":[{"href":"https:\/\/www.psytra.fr\/index.php\/wp-json\/wp\/v2\/posts\/249","targetHints":{"allow":["GET"]}}],"collection":[{"href":"https:\/\/www.psytra.fr\/index.php\/wp-json\/wp\/v2\/posts"}],"about":[{"href":"https:\/\/www.psytra.fr\/index.php\/wp-json\/wp\/v2\/types\/post"}],"author":[{"embeddable":true,"href":"https:\/\/www.psytra.fr\/index.php\/wp-json\/wp\/v2\/users\/3"}],"replies":[{"embeddable":true,"href":"https:\/\/www.psytra.fr\/index.php\/wp-json\/wp\/v2\/comments?post=249"}],"version-history":[{"count":11,"href":"https:\/\/www.psytra.fr\/index.php\/wp-json\/wp\/v2\/posts\/249\/revisions"}],"predecessor-version":[{"id":974,"href":"https:\/\/www.psytra.fr\/index.php\/wp-json\/wp\/v2\/posts\/249\/revisions\/974"}],"wp:featuredmedia":[{"embeddable":true,"href":"https:\/\/www.psytra.fr\/index.php\/wp-json\/wp\/v2\/media\/388"}],"wp:attachment":[{"href":"https:\/\/www.psytra.fr\/index.php\/wp-json\/wp\/v2\/media?parent=249"}],"wp:term":[{"taxonomy":"category","embeddable":true,"href":"https:\/\/www.psytra.fr\/index.php\/wp-json\/wp\/v2\/categories?post=249"},{"taxonomy":"post_tag","embeddable":true,"href":"https:\/\/www.psytra.fr\/index.php\/wp-json\/wp\/v2\/tags?post=249"}],"curies":[{"name":"wp","href":"https:\/\/api.w.org\/{rel}","templated":true}]}}